{"id":2840,"date":"2015-10-31T16:35:56","date_gmt":"2015-10-31T16:35:56","guid":{"rendered":"http:\/\/h2o-avocats.com\/en\/responsabilite-un-blog-est-un-espace-de-contribution-personnelle\/"},"modified":"2018-07-02T20:40:32","modified_gmt":"2018-07-02T19:40:32","slug":"responsabilite-un-blog-est-un-espace-de-contribution-personnelle","status":"publish","type":"post","link":"https:\/\/h2o-avocats.com\/en\/responsabilite-un-blog-est-un-espace-de-contribution-personnelle\/","title":{"rendered":"Responsabilit\u00e9 : un blog est un espace de contribution personnelle"},"content":{"rendered":"<div class=\"ob-sections\">\n<div class=\"ob-section ob-section-images ob-default\">\n<div class=\"ob-row-1-col\"><a href=\"http:\/\/img.over-blog-kiwi.com\/0\/97\/03\/42\/20151031\/ob_88aea1_mediapart.png\" class=\"ob-link-img\"><img decoding=\"async\" src=\"http:\/\/img.over-blog-kiwi.com\/0\/97\/03\/42\/20151031\/ob_88aea1_mediapart.png\" alt=\"Responsabilit\u00e9 : un blog est un espace de contribution personnelle\" class=\"ob-cell ob-img ob-media\" \/><\/a><\/div>\n<\/div>\n<div class=\"ob-section ob-section-link\">\n<div class=\"ob-ctn \">\n<p class=\"ob-title\"><a href=\"http:\/\/www.legalis.net\/spip.php?page=breves-article&#038;id_article=4773\" class=\"ob-link\" target=\"_blank\">BREVES | Responsabilit\u00e9 : un blog est un espace de contribution personnelle | Legalis.net<\/a><\/p>\n<p class=\"ob-snippet\">Actualit\u00e9s Un blog h\u00e9berg\u00e9 par un site d&#8217;information, tel que Mediapart, est qualifi\u00e9 d&#8217;espace de contribution personnelle auquel il faut appliquer les dispositions de l&#8217;article 93-3 de la loi du 29 juillet 1982 instituant un r\u00e9gime de responsabilit\u00e9 d\u00e9rogatoire, a jug\u00e9 la cour d&#8217;appel de Montpellier dans un arr\u00eat du 12 octobre 2015.<\/p>\n<p class=\"ob-url\"><a class=\"ob-link\" href=\"http:\/\/www.legalis.net\/spip.php?page=breves-article&#038;id_article=4773\" target=\"_blank\">http:\/\/www.legalis.net\/spip.php?page=breves-article&#038;id_article=4773<\/a><\/p>\n<\/div>\n<\/div><\/div>\n","protected":false},"excerpt":{"rendered":"<p>BREVES | Responsabilit\u00e9 : un blog est un espace de contribution personnelle | Legalis.net Actualit\u00e9s Un blog h\u00e9berg\u00e9 par un site d&#8217;information, tel que Mediapart, est qualifi\u00e9 d&#8217;espace de contribution personnelle auquel il faut appliquer les dispositions de l&#8217;article 93-3 de la loi du 29 juillet 1982 instituant un r\u00e9gime de responsabilit\u00e9 d\u00e9rogatoire, a jug\u00e9<br \/><a href=\"https:\/\/h2o-avocats.com\/en\/responsabilite-un-blog-est-un-espace-de-contribution-personnelle\/\" class=\"more\">Read more<\/a><\/p>\n","protected":false},"author":1,"featured_media":0,"comment_status":"open","ping_status":"open","sticky":false,"template":"","format":"standard","meta":{"footnotes":""},"categories":[2],"tags":[95,96,354],"_links":{"self":[{"href":"https:\/\/h2o-avocats.com\/en\/wp-json\/wp\/v2\/posts\/2840"}],"collection":[{"href":"https:\/\/h2o-avocats.com\/en\/wp-json\/wp\/v2\/posts"}],"about":[{"href":"https:\/\/h2o-avocats.com\/en\/wp-json\/wp\/v2\/types\/post"}],"author":[{"embeddable":true,"href":"https:\/\/h2o-avocats.com\/en\/wp-json\/wp\/v2\/users\/1"}],"replies":[{"embeddable":true,"href":"https:\/\/h2o-avocats.com\/en\/wp-json\/wp\/v2\/comments?post=2840"}],"version-history":[{"count":1,"href":"https:\/\/h2o-avocats.com\/en\/wp-json\/wp\/v2\/posts\/2840\/revisions"}],"predecessor-version":[{"id":3547,"href":"https:\/\/h2o-avocats.com\/en\/wp-json\/wp\/v2\/posts\/2840\/revisions\/3547"}],"wp:attachment":[{"href":"https:\/\/h2o-avocats.com\/en\/wp-json\/wp\/v2\/media?parent=2840"}],"wp:term":[{"taxonomy":"category","embeddable":true,"href":"https:\/\/h2o-avocats.com\/en\/wp-json\/wp\/v2\/categories?post=2840"},{"taxonomy":"post_tag","embeddable":true,"href":"https:\/\/h2o-avocats.com\/en\/wp-json\/wp\/v2\/tags?post=2840"}],"curies":[{"name":"wp","href":"https:\/\/api.w.org\/{rel}","templated":true}]}}